{"id":5088,"date":"2024-02-16T17:58:00","date_gmt":"2024-02-16T16:58:00","guid":{"rendered":"https:\/\/physio-lorraine.fr\/?p=5088"},"modified":"2024-03-05T19:53:59","modified_gmt":"2024-03-05T18:53:59","slug":"conference-endometriose-parcours-de-soin-dune-patiente","status":"publish","type":"post","link":"https:\/\/physio-lorraine.fr\/index.php\/2024\/02\/16\/conference-endometriose-parcours-de-soin-dune-patiente\/","title":{"rendered":"Conf\u00e9rence \u00ab\u00a0Endom\u00e9triose : Parcours de soin d\u2019une patiente\u00a0\u00bb"},"content":{"rendered":"\n<p class=\"has-text-align-center\"><strong>Les inscriptions sont ouvertes !<\/strong><br>Inscriptions kin\u00e9sith\u00e9rapeutes : <a href=\"https:\/\/physio-lorraine.fr\/index.php\/conference-endometriose-parcours-de-soin-dune-patiente-inscription-kinesitherapeutes\/\">Cliquez ici<\/a><br>Inscriptions m\u00e9decins &amp; internes : <a href=\"https:\/\/physio-lorraine.fr\/index.php\/conference-endometriose-parcours-de-soin-dune-patiente-inscription-medecins\/\">Cliquez ici<\/a><br>Inscriptions sages-femmes : <a href=\"https:\/\/physio-lorraine.fr\/index.php\/conference-endometriose-parcours-de-soin-dune-patiente-inscription-sages-femmes\/\">Cliquez ici<\/a><\/p>\n\n\n\n<p><\/p>\n\n\n\n<p>Que vous soyez m\u00e9decin, kin\u00e9sith\u00e9rapeute ou sage-femme, vous \u00eates ou serez forc\u00e9ment confront\u00e9 aux probl\u00e9matiques des patientes souffrant d&rsquo;<strong>endom\u00e9triose<\/strong>.<\/p>\n\n\n\n<p>Les difficult\u00e9s \u00e0 diagnostiquer et \u00e0 prendre en charge ces patientes impliquent la collaboration de l&rsquo;ensemble des professionnels de sant\u00e9. C&rsquo;est dans cet esprit que la SPL et ReAGJIR ont d\u00e9cid\u00e9 de vous proposer un nouvel \u00e9v\u00e8nement interprofessionnel, qui aura pour th\u00e8me <strong>\u00ab\u00a0Endom\u00e9triose : Parcours de soin d\u2019une patiente\u00a0\u00bb<\/strong>. <\/p>\n\n\n\n<p><\/p>\n\n\n\n<div class=\"wp-block-media-text alignwide is-stacked-on-mobile\" style=\"grid-template-columns:36% auto\"><figure class=\"wp-block-media-text__media\"><img loading=\"lazy\" decoding=\"async\" width=\"806\" height=\"328\" src=\"https:\/\/physio-lorraine.fr\/wp-content\/uploads\/2024\/02\/urps-transp2.png\" alt=\"\" class=\"wp-image-5094 size-full\" srcset=\"https:\/\/physio-lorraine.fr\/wp-content\/uploads\/2024\/02\/urps-transp2.png 806w, https:\/\/physio-lorraine.fr\/wp-content\/uploads\/2024\/02\/urps-transp2-300x122.png 300w, https:\/\/physio-lorraine.fr\/wp-content\/uploads\/2024\/02\/urps-transp2-768x313.png 768w\" sizes=\"auto, (max-width: 806px) 100vw, 806px\" \/><\/figure><div class=\"wp-block-media-text__content\">\n<p>La SPL est fi\u00e8re de collaborer \u00e0 nouveau avec l&rsquo;<strong>URPS MK Grand-Est<\/strong> pour permettre aux professionnels impliqu\u00e9s de se retrouver autour de cet enjeu majeur de sant\u00e9 publique.<\/p>\n<\/div><\/div>\n\n\n\n<p><\/p>\n\n\n\n<p>Inscrivez-vous d\u00e8s maintenant \u00e0 cette soir\u00e9e qui aura lieu le <strong>19 mars \u00e0 l&rsquo;IFMK de Nancy<\/strong>, et rejoignez nos intervenants qui partageront avec nous leurs connaissances et leur exp\u00e9rience pour enrichir votre compr\u00e9hension sur le sujet : Priscilla Saracco, D. Elena Martin, Sandrine Pentier et Caroline Souris.<\/p>\n\n\n\n<div class=\"wp-block-image\"><figure class=\"alignright is-resized\"><figure><img loading=\"lazy\" decoding=\"async\" src=\"https:\/\/physio-lorraine.fr\/wp-content\/uploads\/2024\/02\/affiche-v0.5.png\" alt=\"\" class=\"wp-image-99\" width=\"181\" height=\"256\"><\/figure><\/figure><\/div>\n\n\n\n<p>La soir\u00e9e d\u00e9butera avec un verre de bienvenue d\u00e8s 19h30, et les \u00e9changes avec de nos invit\u00e9s d\u00e9buteront \u00e0 <strong>20h<\/strong>. Apr\u00e8s la conf\u00e9rence, nous vous invitons \u00e0 prolonger les \u00e9changes autour de notre cocktail d\u00eenatoire traditionnel.<\/p>\n\n\n\n<p>L&rsquo;\u00e9v\u00e9nement est gratuit, mais les places sont limit\u00e9es. Nous vous invitons donc \u00e0 vous inscrire d\u00e8s maintenant pour r\u00e9server votre place. <strong>Les inscriptions sont ouvertes<\/strong> aux kin\u00e9sith\u00e9rapeutes \u00e9tudiants ou dipl\u00f4m\u00e9s <a href=\"https:\/\/physio-lorraine.fr\/index.php\/conference-endometriose-parcours-de-soin-dune-patiente-inscription-kinesitherapeutes\/\">(cliquez ici)<\/a>, aux m\u00e9decins\/internes <a href=\"https:\/\/physio-lorraine.fr\/index.php\/conference-endometriose-parcours-de-soin-dune-patiente-inscription-medecins\/\">(cliquez ici)<\/a> ainsi qu&rsquo;aux sages-femmes <a href=\"https:\/\/physio-lorraine.fr\/index.php\/conference-endometriose-parcours-de-soin-dune-patiente-inscription-sages-femmes\/\">(cliquez ici)<\/a>. <\/p>\n\n\n\n<p><\/p>\n\n\n\n<div class=\"wp-block-media-text alignwide is-stacked-on-mobile has-blush-light-purple-gradient-background has-background\" style=\"grid-template-columns:33% auto\"><figure class=\"wp-block-media-text__media\"><img loading=\"lazy\" decoding=\"async\" width=\"1024\" height=\"576\" src=\"https:\/\/physio-lorraine.fr\/wp-content\/uploads\/2024\/03\/miniature-1-1024x576.png\" alt=\"\" class=\"wp-image-5205 size-full\" srcset=\"https:\/\/physio-lorraine.fr\/wp-content\/uploads\/2024\/03\/miniature-1-1024x576.png 1024w, https:\/\/physio-lorraine.fr\/wp-content\/uploads\/2024\/03\/miniature-1-300x169.png 300w, https:\/\/physio-lorraine.fr\/wp-content\/uploads\/2024\/03\/miniature-1-768x432.png 768w, https:\/\/physio-lorraine.fr\/wp-content\/uploads\/2024\/03\/miniature-1.png 1280w\" sizes=\"auto, (max-width: 1024px) 100vw, 1024px\" \/><\/figure><div class=\"wp-block-media-text__content\">\n<p class=\"has-small-font-size\"><strong>Vous aimeriez nous rejoindre mais vous \u00eates dans l&rsquo;impossibilit\u00e9 de vous d\u00e9placer ? Bonne nouvelle, nous assurons une retransmission en direct de l&rsquo;\u00e9v\u00e8nement sur notre cha\u00eene Youtube !<br>&gt; <a href=\"https:\/\/www.youtube.com\/watch?v=8YkiXuBPP6s\">https:\/\/www.youtube.com\/watch?v=8YkiXuBPP6s<\/a><br>Vous pouvez d\u00e8s \u00e0 pr\u00e9sent consulter le lien du live et cliquer sur \u00ab\u00a0Recevoir une notification\u00a0\u00bb pour \u00eatre s\u00fbr de ne rien rater.<\/strong><\/p>\n<\/div><\/div>\n\n\n\n<p><\/p>\n\n\n\n<p>Nous esp\u00e9rons vous accueillir en grand nombre pour cette soir\u00e9e qui promet d&rsquo;\u00eatre riche en enseignements et en \u00e9changes !<\/p>\n","protected":false},"excerpt":{"rendered":"<p>Les inscriptions sont ouvertes !Inscriptions kin\u00e9sith\u00e9rapeutes : Cliquez iciInscriptions m\u00e9decins &amp; internes : Cliquez iciInscriptions sages-femmes : Cliquez ici Que vous soyez m\u00e9decin, kin\u00e9sith\u00e9rapeute ou sage-femme, vous \u00eates ou serez&hellip;<\/p>\n","protected":false},"author":1,"featured_media":5126,"comment_status":"closed","ping_status":"open","sticky":false,"template":"","format":"standard","meta":{"footnotes":""},"categories":[4],"tags":[],"class_list":["post-5088","post","type-post","status-publish","format-standard","has-post-thumbnail","hentry","category-actus"],"_links":{"self":[{"href":"https:\/\/physio-lorraine.fr\/index.php\/wp-json\/wp\/v2\/posts\/5088","targetHints":{"allow":["GET"]}}],"collection":[{"href":"https:\/\/physio-lorraine.fr\/index.php\/wp-json\/wp\/v2\/posts"}],"about":[{"href":"https:\/\/physio-lorraine.fr\/index.php\/wp-json\/wp\/v2\/types\/post"}],"author":[{"embeddable":true,"href":"https:\/\/physio-lorraine.fr\/index.php\/wp-json\/wp\/v2\/users\/1"}],"replies":[{"embeddable":true,"href":"https:\/\/physio-lorraine.fr\/index.php\/wp-json\/wp\/v2\/comments?post=5088"}],"version-history":[{"count":11,"href":"https:\/\/physio-lorraine.fr\/index.php\/wp-json\/wp\/v2\/posts\/5088\/revisions"}],"predecessor-version":[{"id":5207,"href":"https:\/\/physio-lorraine.fr\/index.php\/wp-json\/wp\/v2\/posts\/5088\/revisions\/5207"}],"wp:featuredmedia":[{"embeddable":true,"href":"https:\/\/physio-lorraine.fr\/index.php\/wp-json\/wp\/v2\/media\/5126"}],"wp:attachment":[{"href":"https:\/\/physio-lorraine.fr\/index.php\/wp-json\/wp\/v2\/media?parent=5088"}],"wp:term":[{"taxonomy":"category","embeddable":true,"href":"https:\/\/physio-lorraine.fr\/index.php\/wp-json\/wp\/v2\/categories?post=5088"},{"taxonomy":"post_tag","embeddable":true,"href":"https:\/\/physio-lorraine.fr\/index.php\/wp-json\/wp\/v2\/tags?post=5088"}],"curies":[{"name":"wp","href":"https:\/\/api.w.org\/{rel}","templated":true}]}}