{"id":5056,"date":"2023-11-14T18:33:20","date_gmt":"2023-11-14T17:33:20","guid":{"rendered":"https:\/\/physio-lorraine.fr\/?p=5056"},"modified":"2023-11-30T16:30:34","modified_gmt":"2023-11-30T15:30:34","slug":"luniversite-dhiver-de-la-spl","status":"publish","type":"post","link":"https:\/\/physio-lorraine.fr\/index.php\/2023\/11\/14\/luniversite-dhiver-de-la-spl\/","title":{"rendered":"L&rsquo;universit\u00e9 d&rsquo;Hiver de la SPL"},"content":{"rendered":"\n<blockquote class=\"wp-block-quote has-text-align-center is-layout-flow wp-block-quote-is-layout-flow\">\n<p><\/p>\n\n\n\n<p><\/p>\n\n\n\n<p><strong><s>>> Cliquez ici pour vous inscrire ! (R\u00e9serv\u00e9 aux professionnels)&lt;&lt;<\/s><\/strong><\/p>\n\n\n\n<p style=\"font-size:44px\"><strong><mark style=\"background-color:rgba(0, 0, 0, 0)\" class=\"has-inline-color has-vivid-red-color\">EVENEMENT REPORT\u00c9<\/mark><\/strong><\/p>\n<\/blockquote>\n\n\n\n<p><em>Vous \u00eates kin\u00e9sith\u00e9rapeute et vous vous posez des questions sur l&rsquo;acc\u00e8s direct et ses conditions ? <br>Vous souhaitez vous familiariser avec la notion de triage ?<\/em><\/p>\n\n\n\n<p>Bonne nouvelle, la SPL et l&rsquo;URPS MK Grand-Est ont d\u00e9cid\u00e9 d&rsquo;organiser pour vous un \u00e9v\u00e8nement d\u00e9di\u00e9 \u00e0 ces th\u00e9matiques. N&rsquo;attendez plus et r\u00e9servez d\u00e8s maintenant votre place pour l&rsquo;<strong>Universit\u00e9 d&rsquo;Hiver de la SPL<\/strong>, le <strong>samedi 9 d\u00e9cembre 2023<\/strong> \u00e0 l&rsquo;IFMK de Nancy, pour une journ\u00e9e sur le th\u00e8me <strong>\u00ab\u00a0Triage et acc\u00e8s direct en kin\u00e9sith\u00e9rapie\u00a0\u00bb.<\/strong><\/p>\n\n\n\n<div class=\"wp-block-image\"><figure class=\"alignright is-resized\"><figure><img loading=\"lazy\" decoding=\"async\" src=\"https:\/\/physio-lorraine.fr\/wp-content\/uploads\/2023\/11\/1.png\" alt=\"\" class=\"wp-image-99\" width=\"181\" height=\"256\"><\/figure><\/figure><\/div>\n\n\n\n<p class=\"has-text-align-center\"><strong><a href=\"https:\/\/physio-lorraine.fr\/wp-content\/uploads\/2023\/universite-hiver-2023.pdf\">T\u00e9l\u00e9charger le programme <\/a><\/strong><\/p>\n\n\n\n<p>Au programme,&nbsp;<strong>des<\/strong> pl\u00e9ni\u00e8res autour de l&rsquo;acc\u00e8s direct, de ses conditions et de sa mise en \u0153uvre, ainsi que des <strong>ateliers<\/strong> pratiques sur le triage des 2 principales pathologies concern\u00e9es : La lombalgie et l&rsquo;entorse de cheville.<\/p>\n\n\n\n<div class=\"wp-block-image\"><figure class=\"alignleft is-resized\"><figure><img loading=\"lazy\" decoding=\"async\" src=\"https:\/\/physio-lorraine.fr\/wp-content\/uploads\/2023\/11\/urps-spl.png\" alt=\"\" class=\"wp-image-99\" width=\"181\" height=\"256\"><\/figure><\/figure><\/div>\n\n\n\n<p>La SPL et l&rsquo;URPS MK Grand-Est ont h\u00e2te de vous retrouver nombreux lors de ce dernier grand \u00e9v\u00e8nement de l&rsquo;ann\u00e9e ! L&rsquo;acc\u00e8s \u00e0 l&rsquo;Universit\u00e9 d&rsquo;Hiver vous est propos\u00e9 gratuitement, sur inscription (places limit\u00e9es et r\u00e9serv\u00e9es aux professionnels) <s>via ce lien.<\/s><\/p>\n\n\n\n<p>A tr\u00e8s bient\u00f4t !<\/p>\n","protected":false},"excerpt":{"rendered":"<p>>> Cliquez ici pour vous inscrire ! (R\u00e9serv\u00e9 aux professionnels)&lt;&lt; EVENEMENT REPORT\u00c9 Vous \u00eates kin\u00e9sith\u00e9rapeute et vous vous posez des questions sur l&rsquo;acc\u00e8s direct et ses conditions ? Vous souhaitez&hellip;<\/p>\n","protected":false},"author":1,"featured_media":5058,"comment_status":"open","ping_status":"open","sticky":false,"template":"","format":"standard","meta":{"footnotes":""},"categories":[1],"tags":[],"class_list":["post-5056","post","type-post","status-publish","format-standard","has-post-thumbnail","hentry","category-non-classe"],"_links":{"self":[{"href":"https:\/\/physio-lorraine.fr\/index.php\/wp-json\/wp\/v2\/posts\/5056","targetHints":{"allow":["GET"]}}],"collection":[{"href":"https:\/\/physio-lorraine.fr\/index.php\/wp-json\/wp\/v2\/posts"}],"about":[{"href":"https:\/\/physio-lorraine.fr\/index.php\/wp-json\/wp\/v2\/types\/post"}],"author":[{"embeddable":true,"href":"https:\/\/physio-lorraine.fr\/index.php\/wp-json\/wp\/v2\/users\/1"}],"replies":[{"embeddable":true,"href":"https:\/\/physio-lorraine.fr\/index.php\/wp-json\/wp\/v2\/comments?post=5056"}],"version-history":[{"count":5,"href":"https:\/\/physio-lorraine.fr\/index.php\/wp-json\/wp\/v2\/posts\/5056\/revisions"}],"predecessor-version":[{"id":5080,"href":"https:\/\/physio-lorraine.fr\/index.php\/wp-json\/wp\/v2\/posts\/5056\/revisions\/5080"}],"wp:featuredmedia":[{"embeddable":true,"href":"https:\/\/physio-lorraine.fr\/index.php\/wp-json\/wp\/v2\/media\/5058"}],"wp:attachment":[{"href":"https:\/\/physio-lorraine.fr\/index.php\/wp-json\/wp\/v2\/media?parent=5056"}],"wp:term":[{"taxonomy":"category","embeddable":true,"href":"https:\/\/physio-lorraine.fr\/index.php\/wp-json\/wp\/v2\/categories?post=5056"},{"taxonomy":"post_tag","embeddable":true,"href":"https:\/\/physio-lorraine.fr\/index.php\/wp-json\/wp\/v2\/tags?post=5056"}],"curies":[{"name":"wp","href":"https:\/\/api.w.org\/{rel}","templated":true}]}}