{"id":4913,"date":"2023-09-27T13:07:35","date_gmt":"2023-09-27T11:07:35","guid":{"rendered":"https:\/\/physio-lorraine.fr\/?p=4913"},"modified":"2023-09-29T22:52:41","modified_gmt":"2023-09-29T20:52:41","slug":"conference-tendons-flechisseurs-chirurgien-kinesitherapeute-main-dans-la-main","status":"publish","type":"post","link":"https:\/\/physio-lorraine.fr\/index.php\/2023\/09\/27\/conference-tendons-flechisseurs-chirurgien-kinesitherapeute-main-dans-la-main\/","title":{"rendered":"Conf\u00e9rence \u00ab\u00a0Tendons fl\u00e9chisseurs : Chirurgien &#038; Kin\u00e9sith\u00e9rapeute main dans la main\u00a0\u00bb"},"content":{"rendered":"\n<p class=\"has-text-align-center\"><strong>Les inscriptions sont ouvertes !<\/strong><br>Inscriptions professionnels : <a href=\"https:\/\/physio-lorraine.fr\/index.php\/conference-tendons-flechisseurs-chirurgien-kinesitherapeute-main-dans-la-main-professionnels\/\">Cliquez ici<\/a><br>Inscriptions \u00e9tudiants : <a href=\"https:\/\/physio-lorraine.fr\/index.php\/conference-tendons-flechisseurs-chirurgien-kinesitherapeute-main-dans-la-main-etudiants\/\">Cliquez ici<\/a><\/p>\n\n\n\n<p>Nous sommes ravis de vous annoncer notre prochaine conf\u00e9rence, qui aura pour th\u00e8me la <strong>chirurgie et la r\u00e9\u00e9ducation des tendons fl\u00e9chisseurs de la main<\/strong>. Cette soir\u00e9e promet d&rsquo;\u00eatre une occasion exceptionnelle de plonger dans les derni\u00e8res avanc\u00e9es et perspectives dans le domaine chirurgical comme r\u00e9\u00e9ducatif. Inscrivez-vous d\u00e8s maintenant \u00e0 cette soir\u00e9e qui aura lieu le <strong>24 octobre \u00e0 l&rsquo;IFMK de Nancy<\/strong>, et qui vous permettra d&rsquo;acqu\u00e9rir des connaissances essentielles m\u00eame si vous n&rsquo;\u00eates pas sp\u00e9cialis\u00e9 dans ce domaine.<\/p>\n\n\n\n<p>Nos orateurs invit\u00e9s, experts du domaine, partageront leurs connaissances et leur exp\u00e9rience pour enrichir votre compr\u00e9hension sur le sujet : <\/p>\n\n\n\n<div class=\"wp-block-image\"><figure class=\"alignright is-resized\"><figure><img loading=\"lazy\" decoding=\"async\" src=\"https:\/\/physio-lorraine.fr\/wp-content\/uploads\/2023\/09\/affiche-v2.png\" alt=\"\" class=\"wp-image-99\" width=\"181\" height=\"256\"><\/figure><\/figure><\/div>\n\n\n\n<ol class=\"wp-block-list\">\n<li><strong>Professeur Fran\u00e7ois Dap<\/strong>, chirurgien sp\u00e9cialis\u00e9 dans la main, nous pr\u00e9sentera les derni\u00e8res avanc\u00e9es et diff\u00e9rentes techniques chirurgicales.<\/li>\n\n\n\n<li><strong>Laura Giessinger<\/strong>, masseur-kin\u00e9sith\u00e9rapeute, abordera la prise en charge r\u00e9\u00e9ducative et les techniques sp\u00e9cifiques les plus \u00e9prouv\u00e9es.<\/li>\n<\/ol>\n\n\n\n<p>La soir\u00e9e d\u00e9butera avec un verre de bienvenue d\u00e8s 19h, et les pr\u00e9sentations de nos orateurs d\u00e9buteront \u00e0 <strong>19h30<\/strong>. Apr\u00e8s la conf\u00e9rence, nous vous invitons \u00e0 prolonger les \u00e9changes autour de notre cocktail d\u00eenatoire traditionnel.<\/p>\n\n\n\n<p>L&rsquo;\u00e9v\u00e9nement est gratuit, mais les places sont limit\u00e9es. Nous vous invitons donc \u00e0 vous inscrire d\u00e8s maintenant pour r\u00e9server votre place. <strong>Les inscriptions sont ouvertes<\/strong> aux professionnels <a href=\"https:\/\/physio-lorraine.fr\/index.php\/conference-tendons-flechisseurs-chirurgien-kinesitherapeute-main-dans-la-main-professionnels\/\">(cliquez ici)<\/a> ainsi qu&rsquo;aux \u00e9tudiants <a href=\"https:\/\/physio-lorraine.fr\/index.php\/conference-tendons-flechisseurs-chirurgien-kinesitherapeute-main-dans-la-main-etudiants\/\">(cliquez ici)<\/a>. Notez qu&rsquo;il n&rsquo;y aura pas de retransmission en direct de l&rsquo;\u00e9v\u00e9nement.<\/p>\n\n\n\n<p>Nous esp\u00e9rons vous accueillir en grand nombre pour cette soir\u00e9e qui promet d&rsquo;\u00eatre riche en enseignements et en discussions stimulantes. Restez \u00e0 l&rsquo;aff\u00fbt des mises \u00e0 jour et rendez-vous <strong>Mardi 24 octobre !<\/strong><\/p>\n","protected":false},"excerpt":{"rendered":"<p>Les inscriptions sont ouvertes !Inscriptions professionnels : Cliquez iciInscriptions \u00e9tudiants : Cliquez ici Nous sommes ravis de vous annoncer notre prochaine conf\u00e9rence, qui aura pour th\u00e8me la chirurgie et la&hellip;<\/p>\n","protected":false},"author":1,"featured_media":4954,"comment_status":"open","ping_status":"open","sticky":false,"template":"","format":"standard","meta":{"footnotes":""},"categories":[1],"tags":[],"class_list":["post-4913","post","type-post","status-publish","format-standard","has-post-thumbnail","hentry","category-non-classe"],"_links":{"self":[{"href":"https:\/\/physio-lorraine.fr\/index.php\/wp-json\/wp\/v2\/posts\/4913","targetHints":{"allow":["GET"]}}],"collection":[{"href":"https:\/\/physio-lorraine.fr\/index.php\/wp-json\/wp\/v2\/posts"}],"about":[{"href":"https:\/\/physio-lorraine.fr\/index.php\/wp-json\/wp\/v2\/types\/post"}],"author":[{"embeddable":true,"href":"https:\/\/physio-lorraine.fr\/index.php\/wp-json\/wp\/v2\/users\/1"}],"replies":[{"embeddable":true,"href":"https:\/\/physio-lorraine.fr\/index.php\/wp-json\/wp\/v2\/comments?post=4913"}],"version-history":[{"count":7,"href":"https:\/\/physio-lorraine.fr\/index.php\/wp-json\/wp\/v2\/posts\/4913\/revisions"}],"predecessor-version":[{"id":4955,"href":"https:\/\/physio-lorraine.fr\/index.php\/wp-json\/wp\/v2\/posts\/4913\/revisions\/4955"}],"wp:featuredmedia":[{"embeddable":true,"href":"https:\/\/physio-lorraine.fr\/index.php\/wp-json\/wp\/v2\/media\/4954"}],"wp:attachment":[{"href":"https:\/\/physio-lorraine.fr\/index.php\/wp-json\/wp\/v2\/media?parent=4913"}],"wp:term":[{"taxonomy":"category","embeddable":true,"href":"https:\/\/physio-lorraine.fr\/index.php\/wp-json\/wp\/v2\/categories?post=4913"},{"taxonomy":"post_tag","embeddable":true,"href":"https:\/\/physio-lorraine.fr\/index.php\/wp-json\/wp\/v2\/tags?post=4913"}],"curies":[{"name":"wp","href":"https:\/\/api.w.org\/{rel}","templated":true}]}}